{"id":10440,"date":"2013-10-15T06:00:14","date_gmt":"2013-10-15T04:00:14","guid":{"rendered":"http:\/\/www.antik-natur.de\/blog\/?p=10440"},"modified":"2024-10-13T18:47:18","modified_gmt":"2024-10-13T16:47:18","slug":"wolle-neu-entdeckt","status":"publish","type":"post","link":"https:\/\/www.antik-natur.de\/blog\/wolle-neu-entdeckt.html","title":{"rendered":"Wolle \u2013 neu entdeckt"},"content":{"rendered":"<p>Es geht wieder los: Die kalte und ungem\u00fctliche Jahreszeit lockt viele Menschen wieder \u00f6fter in die warmen eigenen vier W\u00e4nde. Mir wurde dabei schnell bewusst, dass mein Wohnzimmer noch nicht wintertauglich ist. Dieses Jahr wollte ich einmal weg von den alten Farben und Formen. Dabei ist mir ein neuer Trend ins Auge gefallen: Wolle.<\/p>\n<p><!--more--><\/p>\n<p>Momentan denkt man bei dem Begriff &#8218;Wolle&#8216; vielleicht noch eher an Kuschelsocken, Schal und Winterwolldecke. Doch die Wolle feiert in diesem Winter ihr Comeback als wunderbare und anmutige Dekoration f\u00fcr den gesamten Wohnbereich, egal ob nun gekauft oder selbst gestrickt.<\/p>\n<h2>Strickkleider aus Wolle einmal anders<\/h2>\n<p>Strickkleider kennt man normalerweise als Ph\u00e4nomen der Mode. Doch mittlerweile gibt die Wolle nicht nur den Damen eine sch\u00f6ne Silhouette. Denn mit einer gestrickten Ummantelung k\u00f6nnen auch Vasen, Henkeltassen oder Kerzenhalter ganz nach den individuellen (Farb-)Vorlieben neu in Szene gesetzt werden. Wer gerne zur Stricknadel greift, der kann hier auch ganz leicht selbst aktiv werden, da man relativ schnell Ergebnisse erzielen kann.<\/p>\n<h2>Poufs &#8211; der neue Trend<\/h2>\n<p>Der Trend der Dekoration mit Wolle geht dabei weit \u00fcber die kleinen Alltagsgegenst\u00e4nde Gegenst\u00e4nde hinaus. Ganze Sitzm\u00f6glichkeiten und sogar Tische k\u00f6nnen von der Wolle umgarnt werden. Hierbei wird es dann oft komplizierter selbst Hand anzulegen. Aber f\u00fcr so genannte Sitzpoufs, wie ich sie bei Zalando gesehen habe, lohnt sich auch der Griff in den Geldbeutel, denn diese Sitzgelegenheit verspr\u00fcht einen ganz eigenen gem\u00fctlichen Charme. Auch die dazu passenden Kissenbez\u00fcge gibt es aus Wolle.<\/p>\n<h2>Lassen Sie sich inspirieren<\/h2>\n<p>Wer die Wolle als Deko erst einmal zu sch\u00e4tzen gelernt hat, der wird in jedem noch so kleinen Gegenstand die M\u00f6glichkeit sehen, ihn mit Wolle zu versch\u00f6nern. Seien es nun Eierw\u00e4rmer, Topflappen oder vielleicht Serviettenringe? Mal sehen, ob die neu entdeckte Wolle dem Stoff Filz jetzt die Schau stiehlt. Filz war ja schlie\u00dflich die letzten Winter immer mal wieder in allen Formen und Farben aufgetaucht. Ich bin gespannt.<\/p>\n","protected":false},"excerpt":{"rendered":"<p>Es geht wieder los: Die kalte und ungem\u00fctliche Jahreszeit lockt viele Menschen wieder \u00f6fter in die warmen eigenen vier W\u00e4nde. Mir wurde dabei schnell bewusst, dass mein Wohnzimmer noch nicht wintertauglich ist. Dieses Jahr wollte ich einmal weg von den alten Farben und Formen. Dabei ist mir ein neuer Trend ins Auge gefallen: Wolle.<\/p>\n","protected":false},"author":1,"featured_media":0,"comment_status":"open","ping_status":"open","sticky":false,"template":"","format":"standard","meta":{"_monsterinsights_skip_tracking":false,"_monsterinsights_sitenote_active":false,"_monsterinsights_sitenote_note":"","_monsterinsights_sitenote_category":0,"_jetpack_memberships_contains_paid_content":false,"footnotes":""},"categories":[35,166,424,43],"tags":[802,15,1102,16,1340,1101,1103],"class_list":["post-10440","post","type-post","status-publish","format-standard","hentry","category-basteln","category-design","category-deko","category-wohnen","tag-dekorieren","tag-herbst","tag-stricken","tag-winter","tag-wohnen","tag-wolle","tag-zalando"],"aioseo_notices":[],"jetpack_featured_media_url":"","jetpack-related-posts":[],"jetpack_sharing_enabled":true,"_links":{"self":[{"href":"https:\/\/www.antik-natur.de\/blog\/wp-json\/wp\/v2\/posts\/10440","targetHints":{"allow":["GET"]}}],"collection":[{"href":"https:\/\/www.antik-natur.de\/blog\/wp-json\/wp\/v2\/posts"}],"about":[{"href":"https:\/\/www.antik-natur.de\/blog\/wp-json\/wp\/v2\/types\/post"}],"author":[{"embeddable":true,"href":"https:\/\/www.antik-natur.de\/blog\/wp-json\/wp\/v2\/users\/1"}],"replies":[{"embeddable":true,"href":"https:\/\/www.antik-natur.de\/blog\/wp-json\/wp\/v2\/comments?post=10440"}],"version-history":[{"count":18,"href":"https:\/\/www.antik-natur.de\/blog\/wp-json\/wp\/v2\/posts\/10440\/revisions"}],"predecessor-version":[{"id":23003,"href":"https:\/\/www.antik-natur.de\/blog\/wp-json\/wp\/v2\/posts\/10440\/revisions\/23003"}],"wp:attachment":[{"href":"https:\/\/www.antik-natur.de\/blog\/wp-json\/wp\/v2\/media?parent=10440"}],"wp:term":[{"taxonomy":"category","embeddable":true,"href":"https:\/\/www.antik-natur.de\/blog\/wp-json\/wp\/v2\/categories?post=10440"},{"taxonomy":"post_tag","embeddable":true,"href":"https:\/\/www.antik-natur.de\/blog\/wp-json\/wp\/v2\/tags?post=10440"}],"curies":[{"name":"wp","href":"https:\/\/api.w.org\/{rel}","templated":true}]}}