{"id":23053,"date":"2024-10-31T15:34:37","date_gmt":"2024-10-31T14:34:37","guid":{"rendered":"https:\/\/www.antik-natur.de\/blog\/?p=23053"},"modified":"2024-10-31T15:36:46","modified_gmt":"2024-10-31T14:36:46","slug":"wohlfuehl-tipps-fuer-die-wohnung-im-herbst-und-winter-mit-einfachen-handgriffen-gemuetlichkeit-schaffen","status":"publish","type":"post","link":"https:\/\/www.antik-natur.de\/blog\/wohlfuehl-tipps-fuer-die-wohnung-im-herbst-und-winter-mit-einfachen-handgriffen-gemuetlichkeit-schaffen.html","title":{"rendered":"Wohlf\u00fchl-Tipps f\u00fcr die Wohnung im Herbst und Winter: Mit einfachen Handgriffen Gem\u00fctlichkeit schaffen"},"content":{"rendered":"<p><strong>Bonn.<\/strong> Die kalte Jahreszeit beginnt und mit ihr wird es abends wieder deutlich fr\u00fcher dunkel und morgens sp\u00e4ter hell. Wind, Regen, Sturm und sp\u00e4ter im Jahr auch noch<br \/>\nSchneeregen, Eis und Schnee, wer will es da nicht ganz gem\u00fctlich in den eigenen vier W\u00e4nden haben. In der Corona-Zeit haben die meisten von uns neue Dekorationen,<br \/>\nAccessoires oder auch neue K\u00fcchen und neue M\u00f6bel gekauft. Danach wurde das eigene Einkommen wieder gerne f\u00fcr Reisen oder andere Freizeitaktivit\u00e4ten ausgegeben. Au\u00dferdem sind beispielweise bei Lebensmitteln und Energie jetzt auch noch die Preise deutlich gestiegen. In diesem Jahr bleibt daher nur wenig Geld f\u00fcr teure Neuanschaffungen in der Wohnung \u00fcbrig. \u201eDas ist aber kein Problem. Mit den vorhandenen Sachen, ein wenig Kreativit\u00e4t und ein paar einfachen Mitteln, l\u00e4sst sich mit ein paar Handgriffen eine attraktive und gem\u00fctliche Atmosph\u00e4re in den eigenen vier W\u00e4nden schaffen\u201c, wei\u00df Ursula Geismann, langj\u00e4hrige Wohnexpertin und Gesch\u00e4ftsf\u00fchrerin der Initiative Furnier + Natur (IFN).<\/p>\n<h3>Hier die Tipps und Empfehlungen:<\/h3>\n<p>Drau\u00dfen nass-kalt und grau, da ist man froh, die eigene Haust\u00fcr aufzuschlie\u00dfen und vor<br \/>\nallem, hinter sich wieder zuzuschlie\u00dfen. Den Regenschirm aufgespannt, Jacke und Schuhe<br \/>\nausgezogen, nimmt man als erstes die Umgebungstemperatur der Wohnung wahr. Hier<br \/>\nmuss ab Herbst die Raumtemperatur stimmen. Mit 21 Grad ist man auf der sicheren Seite,<br \/>\nwenn man ruhig sitzt oder auf dem Sofa liegen m\u00f6chte. Auch im Badezimmer sind<br \/>\nmindestens 21 Grad auch deshalb angesagt, weil man sich dort h\u00e4ufig mit wenig<br \/>\nBekleidung aufh\u00e4lt und es daher sch\u00f6n kuschelig und angenehm haben m\u00f6chte. Wenn<br \/>\nman in der K\u00fcche Speisen zubereitet, reichen dort 20 Grad, denn die heizt sich meist ein<\/p>\n<p>wenig durch elektrische Ger\u00e4te von selbst auf. Backofen- und Herdw\u00e4rme sind allerdings<br \/>\nauch schnell wieder verflogen. Im Schlafzimmer gibt es traditionell W\u00e4rmefans und<br \/>\nK\u00e4ltefreunde, je nach eigenem Wohlbefinden vor allem w\u00e4hrend des Schlafs. Wichtig ist,<br \/>\ndie Schlafzimmert\u00fcr sowieso immer zu schlie\u00dfen, sodass die Temperatur drinnen und<br \/>\netwaige Kochger\u00fcche drau\u00dfen bleiben. Eine zu kalte Wohnung ist ungem\u00fctlich und eine zu<br \/>\naufgeheizte Wohnung macht schnell m\u00fcde und antriebslos.<\/p>\n<p><strong> Extratipp der Expertin:<\/strong><\/p>\n<p>Hilfreich ist neben der angenehmen Temperatur auch immer ein wohltuender Geruch. F\u00fcr<br \/>\nein entspanntes Wohlbefinden wirken \u00e4therische \u00d6le oder nat\u00fcrliche Raumsprays daher<br \/>\nwahre Wunder. Im Zerst\u00e4uber oder einfach auf ein Baumwolll\u00e4ppchen auf den Heizk\u00f6rper<br \/>\ngetr\u00e4ufelt, vollbringen ein paar Tropfen Lavendel- oder Zimt\u00f6l eine echte<br \/>\nGeruchsverbesserung. Eine weitere M\u00f6glichkeit bieten Duftkerzen, die es in den<br \/>\nunterschiedlichsten Ausf\u00fchrungen gibt. Ein guter Wohnungsgeruch ist nicht aufdringlich<br \/>\noder stark. Er ist einfach da und seine Quelle am besten nicht identifizierbar.<\/p>\n<h3>Eine gute Beleuchtung<\/h3>\n<p>Stimmt die Raumtemperatur, ist das zweitwichtigste Kriterium f\u00fcr eine gute Atmosph\u00e4re<br \/>\ndie Beleuchtung. Auch hier gilt grunds\u00e4tzlich, dass sich eine gute Beleuchtung dadurch<br \/>\nauszeichnet, dass man sie nicht sieht. Mit schlechter Beleuchtung kann man den<br \/>\nsch\u00f6nsten Raum ruinieren. Krasses, grelles, wei\u00dfes Licht und dazu wenige Lichtquellen<br \/>\nzerst\u00f6ren neben der Raumwirkung auch die Funktionsbereiche des Wohnens.<br \/>\n<figure id=\"attachment_23062\" aria-describedby=\"caption-attachment-23062\" style=\"width: 2126px\" class=\"wp-caption aligncenter\"><a href=\"https:\/\/i0.wp.com\/www.antik-natur.de\/blog\/wp-content\/2024\/10\/PM-IFN-2024-Wohntipps-zum-Herbst-1.jpg?ssl=1\"><img data-recalc-dims=\"1\" loading=\"lazy\" decoding=\"async\" src=\"https:\/\/i0.wp.com\/www.antik-natur.de\/blog\/wp-content\/2024\/10\/PM-IFN-2024-Wohntipps-zum-Herbst-1.jpg?resize=810%2C527&#038;ssl=1\" alt=\"Eine einzelne Deckenleuchte im Wohnzimmer ist out. Verschiedene Lichtquellen\nmachen die Atmosph\u00e4re in jedem Raum gem\u00fctlicher. Foto: iStock TG23\" width=\"810\" height=\"527\" class=\"size-full wp-image-23062\" srcset=\"https:\/\/i0.wp.com\/www.antik-natur.de\/blog\/wp-content\/2024\/10\/PM-IFN-2024-Wohntipps-zum-Herbst-1.jpg?w=2126&amp;ssl=1 2126w, https:\/\/i0.wp.com\/www.antik-natur.de\/blog\/wp-content\/2024\/10\/PM-IFN-2024-Wohntipps-zum-Herbst-1.jpg?resize=300%2C195&amp;ssl=1 300w, https:\/\/i0.wp.com\/www.antik-natur.de\/blog\/wp-content\/2024\/10\/PM-IFN-2024-Wohntipps-zum-Herbst-1.jpg?resize=400%2C260&amp;ssl=1 400w, https:\/\/i0.wp.com\/www.antik-natur.de\/blog\/wp-content\/2024\/10\/PM-IFN-2024-Wohntipps-zum-Herbst-1.jpg?resize=768%2C499&amp;ssl=1 768w, https:\/\/i0.wp.com\/www.antik-natur.de\/blog\/wp-content\/2024\/10\/PM-IFN-2024-Wohntipps-zum-Herbst-1.jpg?resize=1536%2C998&amp;ssl=1 1536w, https:\/\/i0.wp.com\/www.antik-natur.de\/blog\/wp-content\/2024\/10\/PM-IFN-2024-Wohntipps-zum-Herbst-1.jpg?resize=2048%2C1331&amp;ssl=1 2048w, https:\/\/i0.wp.com\/www.antik-natur.de\/blog\/wp-content\/2024\/10\/PM-IFN-2024-Wohntipps-zum-Herbst-1.jpg?w=1620&amp;ssl=1 1620w\" sizes=\"auto, (max-width: 810px) 100vw, 810px\" \/><\/a><figcaption id=\"caption-attachment-23062\" class=\"wp-caption-text\">Eine einzelne Deckenleuchte im Wohnzimmer ist out. Verschiedene Lichtquellen<br \/>machen die Atmosph\u00e4re in jedem Raum gem\u00fctlicher. Foto: iStock TG23<\/figcaption><\/figure><\/p>\n<p>Ungem\u00fctlichkeit und nicht zuletzt ein blasses oder von oben stark schattiertes Aussehen<br \/>\nder Bewohner mit Nasenschatten und Augenringen sind die optische und nicht gesund<br \/>\naussehende Folge. Empfehlenswert sind daher viele, eher kleinere Lichtquellen. <\/p>\n<p><strong>Extratipp der Expertin:<\/strong> <\/p>\n<p>Die einzelne stark leuchtende Deckenleuchte einfach mal ausschalten und<br \/>\nmit kleinen tragbaren Tischleuchten, Stehleuchten oder fest montierten Wandleuchten<br \/>\naustesten, wie im Wohnzimmer atmosph\u00e4risches Licht entstehen kann. Dazu kann man<br \/>\nauch mal die LED-Akku-Balkon-Tischleuchte ins Wohnzimmer holen. Funktionsbereiche,<br \/>\nwie Leseecke oder Kuschelecke auf dem Sofa oder auch eine sch\u00f6ne Zimmerpflanze<br \/>\nk\u00f6nnen dabei sogar f\u00fcr eine angenehme Stimmung akzentuiert angestrahlt werden.<br \/>\nEbenfalls sch\u00f6ne Lichtstimmungen bewirken Teelicht-Halter, die je nach Material und<br \/>\nOberfl\u00e4chenbeschaffenheit wunderbare Wohlf\u00fchl-Beleuchtungen erzeugen.<\/p>\n<p>Das Zusammenr\u00fccken bei K\u00e4lte schafft nicht nur in der Tierwelt eine gem\u00fctliche N\u00e4he.<br \/>\nAuch in der eigenen Wohnung kann man M\u00f6bel bewegen und optisch den freien Raum<br \/>\nverkleinern. Ein Gef\u00fchl wohliger W\u00e4rme kommt auf, wenn man Sofa und Sessel zur kalten<br \/>\nJahreszeit etwas n\u00e4her aneinanderr\u00fcckt und dadurch dann einfach auch n\u00e4her<br \/>\nbeieinandersitzt. Mit diesem einfachen Trick l\u00e4sst sich schnell eine ganz neue und wohlige<br \/>\nAtmosph\u00e4re herstellen. <\/p>\n<p><strong>Extratipp der Expertin:<\/strong><\/p>\n<p>Wenn M\u00f6bel verr\u00fccken nicht geht,bringen auch hohe Vasen, gro\u00dfe Kerzenleuchter, kleine Beistelltische oder einfache<br \/>\nHocker ein neues und einladendes Wohnbild. Oder man sorgt mit wechselnden Bildern an der Wand f\u00fcr spannende Ver\u00e4nderungen des Raumes.<br \/>\n<figure id=\"attachment_23059\" aria-describedby=\"caption-attachment-23059\" style=\"width: 840px\" class=\"wp-caption aligncenter\"><a href=\"https:\/\/i0.wp.com\/www.antik-natur.de\/blog\/wp-content\/2024\/10\/PM-IFN-2024-Wohntipps-zum-Herbst-31-e1730223321999.jpg?ssl=1\"><img data-recalc-dims=\"1\" loading=\"lazy\" decoding=\"async\" src=\"https:\/\/i0.wp.com\/www.antik-natur.de\/blog\/wp-content\/2024\/10\/PM-IFN-2024-Wohntipps-zum-Herbst-31-e1730223321999.jpg?resize=810%2C540&#038;ssl=1\" alt=\"Ein elegant gedeckter Tisch wertet den Alltag auf und gibt ein Gef\u00fchl von\nurspr\u00fcnglicher Geborgenheit. Foto: iStock Daniel Suhre\" width=\"810\" height=\"540\" class=\"size-full wp-image-23059\" \/><\/a><figcaption id=\"caption-attachment-23059\" class=\"wp-caption-text\">Ein elegant gedeckter Tisch wertet den Alltag auf und gibt ein Gef\u00fchl von<br \/>urspr\u00fcnglicher Geborgenheit. Foto: iStock Daniel Suhre<\/figcaption><\/figure><\/p>\n<p>Das weite Feld der Accessoires und Dekorationsgegenst\u00e4nde bietet schlie\u00dflich meist aus<br \/>\ndem vorhandenen Repertoire unendlich viele neue Gestaltungsm\u00f6glichkeiten. Die gute<br \/>\nalte Wolldecke wird aus dem Kleiderschrank geholt und auf dem Sofa elegant platziert.<br \/>\nDas von der Oma einst vererbte altert\u00fcmliche Teeservice bekommt ganz im Sinne des<br \/>\nangesagten Vintage-Stils seinen saisonalen Platz auf dem Sideboard. Der herbstliche<br \/>\nBlumenstrau\u00df muss nicht immer frisch sein. Trockenblumen haben n\u00e4mlich jetzt<br \/>\nHochsaison und k\u00f6nnen sogar mit Spray-Lack in der Lieblingsfarbe aufgepeppt werden.<br \/>\nUnd in der K\u00fcche ist nichts naheliegender als mit echten Lebensmitteln Wohligkeit zu<br \/>\nerschaffen: Zwei, drei K\u00fcrbisse zieren die Arbeitsfl\u00e4che und eine Schale mit Walln\u00fcssen<br \/>\nkomplettiert das Gef\u00fchl vom zuhause sein. <\/p>\n<p><strong>Extratipp der Expertin:<\/strong> <\/p>\n<p>Den Tisch einfach mal wieder richtig decken, so als k\u00e4men G\u00e4ste zu einem besonderen Anlass zum Essen. Dazu geh\u00f6ren dann Teller, Besteck, Gl\u00e4ser, Salz -und Pfefferstreuer und nat\u00fcrlich sind die<br \/>\nServietten auch nicht zu vergessen. In sch\u00f6nen Sch\u00fcsseln und Schalen das Essen kredenzen und ich wette, man f\u00fchlt sich schnell wohl und geborgen.<\/p>\n<p>Gerade in weltpolitisch und gesellschaftlich angespannten Zeiten ist der Stellenwert eines<br \/>\ngem\u00fctlichen Zuhauses gro\u00df. Die eigene Wohnung dient als R\u00fcckzugsort, als Ort der<br \/>\nErholung und Entspannung und als Ort der Geborgenheit und Sicherheit. Mit kleinem<br \/>\nAufwand kann man hier so viel erreichen, wie in kaum einem anderen Lebensbereich. Es<br \/>\nmacht Spa\u00df, bringt Freude und \u00dcberraschung, die eigene Wohnung in neuem Antlitz<br \/>\nerstrahlen zu sehen. Dann kann sie gerne kommen, die dunkle und kalte Jahreszeit.<br \/>\nIFN\/UG<\/p>\n<p>Initiative Furnier + Natur (IFN)<br \/>\nDie Initiative Furnier + Natur (IFN) e.V. wurde 1996 von der deutschen Furnierwirtschaft und<br \/>\nihren Partnern gegr\u00fcndet. Heute wird sie von europ\u00e4ischen Unternehmen aus der<br \/>\nFurnierindustrie, dem Handel und der furnierverarbeitenden Industrie sowie Fachverb\u00e4nden<br \/>\nder Holzwirtschaft getragen. Ziel des Vereins ist die F\u00f6rderung des nat\u00fcrlichen Werkstoff-<br \/>\nAllrounders Furnier.<br \/>\nWeitere Infos zum Thema Furnier unter <a href=\"http:\/\/www.furnier.de\">www.furnier.de<\/a> oder <a href=\"http:\/\/www.furniergeschichten.de\">www.furniergeschichten.de<\/a><br \/>\nsowie auf Instagram unter #furnier_und_natur<\/p>\n","protected":false},"excerpt":{"rendered":"<p>Bonn. Die kalte Jahreszeit beginnt und mit ihr wird es abends wieder deutlich fr\u00fcher dunkel und morgens sp\u00e4ter hell. Wind, Regen, Sturm und sp\u00e4ter im Jahr auch noch Schneeregen, Eis und Schnee, wer will es da nicht ganz gem\u00fctlich in den eigenen vier W\u00e4nden haben. In der Corona-Zeit haben die meisten von uns neue Dekorationen, [&hellip;]<\/p>\n","protected":false},"author":1,"featured_media":23060,"comment_status":"open","ping_status":"open","sticky":false,"template":"","format":"standard","meta":{"_monsterinsights_skip_tracking":false,"_monsterinsights_sitenote_active":false,"_monsterinsights_sitenote_note":"","_monsterinsights_sitenote_category":0,"_jetpack_memberships_contains_paid_content":false,"footnotes":""},"categories":[2190,43],"tags":[256,544,1120,2189,15,132,920,923,692,2188],"class_list":["post-23053","post","type-post","status-publish","format-standard","has-post-thumbnail","hentry","category-pm","category-wohnen","tag-dekoration","tag-dielen","tag-dielenboden","tag-furnier","tag-herbst","tag-holz","tag-holzdielen","tag-landhausdiele","tag-parkett","tag-raumtemperatur"],"aioseo_notices":[],"jetpack_featured_media_url":"https:\/\/i0.wp.com\/www.antik-natur.de\/blog\/wp-content\/2024\/10\/PM-IFN-2024-Wohntipps-zum-Herbst-2-e1730222821487.jpg?fit=840%2C560&ssl=1","jetpack-related-posts":[],"jetpack_sharing_enabled":true,"_links":{"self":[{"href":"https:\/\/www.antik-natur.de\/blog\/wp-json\/wp\/v2\/posts\/23053","targetHints":{"allow":["GET"]}}],"collection":[{"href":"https:\/\/www.antik-natur.de\/blog\/wp-json\/wp\/v2\/posts"}],"about":[{"href":"https:\/\/www.antik-natur.de\/blog\/wp-json\/wp\/v2\/types\/post"}],"author":[{"embeddable":true,"href":"https:\/\/www.antik-natur.de\/blog\/wp-json\/wp\/v2\/users\/1"}],"replies":[{"embeddable":true,"href":"https:\/\/www.antik-natur.de\/blog\/wp-json\/wp\/v2\/comments?post=23053"}],"version-history":[{"count":10,"href":"https:\/\/www.antik-natur.de\/blog\/wp-json\/wp\/v2\/posts\/23053\/revisions"}],"predecessor-version":[{"id":23067,"href":"https:\/\/www.antik-natur.de\/blog\/wp-json\/wp\/v2\/posts\/23053\/revisions\/23067"}],"wp:featuredmedia":[{"embeddable":true,"href":"https:\/\/www.antik-natur.de\/blog\/wp-json\/wp\/v2\/media\/23060"}],"wp:attachment":[{"href":"https:\/\/www.antik-natur.de\/blog\/wp-json\/wp\/v2\/media?parent=23053"}],"wp:term":[{"taxonomy":"category","embeddable":true,"href":"https:\/\/www.antik-natur.de\/blog\/wp-json\/wp\/v2\/categories?post=23053"},{"taxonomy":"post_tag","embeddable":true,"href":"https:\/\/www.antik-natur.de\/blog\/wp-json\/wp\/v2\/tags?post=23053"}],"curies":[{"name":"wp","href":"https:\/\/api.w.org\/{rel}","templated":true}]}}