{"id":6462,"date":"2012-12-02T11:20:02","date_gmt":"2012-12-02T09:20:02","guid":{"rendered":"http:\/\/www.antik-natur.de\/blog\/?p=6462"},"modified":"2013-01-01T13:20:29","modified_gmt":"2013-01-01T11:20:29","slug":"unser-adventskuchen-nuss-sahne-schnitte-mit-schockoflocken","status":"publish","type":"post","link":"https:\/\/www.antik-natur.de\/blog\/unser-adventskuchen-nuss-sahne-schnitte-mit-schockoflocken.html","title":{"rendered":"Unser Adventskuchen: Nuss-Sahne-Schnitte mit Schockoflocken"},"content":{"rendered":"<div class=\"wp-caption alignright\" style=\"width:210px\"><center><img data-recalc-dims=\"1\" loading=\"lazy\" decoding=\"async\" title=\"Nuss-Sahne-Schnitte\" src=\"https:\/\/i0.wp.com\/www.antik-natur.de\/bilder\/kuchen%20003-600.jpg?resize=200%2C133&#038;ssl=1\" width=\"200\" height=\"133\" \/><\/a><\/p>\n<p class=\"wp-caption-text\">Nuss-Sahne-Schnitte<br \/>Fotos: Karl-Heinz Garber<\/center><\/div>\n<p>Heute durfte ich mal, unter Kontrolle und Anleitung, einen Kuchen backen. Das Rezept wurde durch googeln gefunden und hat den Schwierigkeitsgrad: simpel! Dieses &#8222;simpel&#8220; muss auch der Grund daf\u00fcr gewesen sein, dass meine Fr. mir den Auftrag erteilte, unseren Adventskuchen &#8222;herzustellen&#8220;. Nun muss ich sagen, dass ich in meinem Leben noch nicht allzuviel mit Backen zu tun hatte, es sei denn, ich habe beim B\u00e4cker einen Blechkuchen f\u00fcr eine gr\u00f6\u00dfere Familienfeier bestellt.<br \/>\nEin weiter Grund wird wohl auch gewesen sein, dass ja zun\u00e4chst die N\u00fcsse, die ben\u00f6tigt werden, geknackt und gemahlen werden mussten. Oder sie wollte mich nur ganz einfach in die Hausarbeit mit einbeziehen \ud83d\ude42 .<!--more--><\/p>\n<p>\nEin guter Kuchen gelingt nur durch eine gute Vorbereitung. Und hier ist der Mann, zumindest in der K\u00fcche, richtig gefordert. Schon allein das Zurechtfinden in der K\u00fcche ist f\u00fcr manche M\u00e4nner eine richtige Herausforderung. Das Wo, Wie und Was, sind dann die meist gebrauchten W\u00f6rter.<br \/>\nAber nicht f\u00fcr mich: unsere K\u00fcche habe ich geplant und zum gr\u00f6\u00dften Teil auch <a href=\"https:\/\/www.antik-natur.de\/blog\/bauidee-kuche-selbst-gebaut.html\" title=\"K\u00fcche selbst gebaut\">selbst gebaut<\/a>. Als angelernter Hausmann wei\u00df ich zumindest, wo sich die wesentlichen Grundnahrungsmittel sowie die Koch,- und Backzutaten befinden.<\/p>\n<p>\nAber nun zum eigentlichen Backvorgang:<\/p>\n<p>\nZun\u00e4chst stellte ich mir die notwendigen Zutaten die Sie <a href=\"http:\/\/www.chefkoch.de\/rezepte\/2107721339968650\/Nuss-Sahne-Schnitte.html\" title=\"Rezept: Nuss-Sahne-Schnitte\" target=\"_blank\">Hier<\/a> finden, bereit &#8211; dann den Backhofen auf 180 Grad und lie\u00df ihn vorheizen.<br \/>\nAnschlie\u00dfend trennte ich die Eier ( hier ist das Trennen des Dotters vom Eiweis gemeint) und schlug das Eiweis zu einem steifen Schnee. Die Eidotter werden dann mit Zucker und Vanillezucker schaumig geschlagen und unter st\u00e4ndigem R\u00fchren \u00d6l, Mineralwasser und N\u00fcsse hinzugef\u00fcgt. Dann Mehl mit Backpulver vermischen, durch ein Sieb hinzuf\u00fcgen und mit einem Schneebesen verr\u00fchren. Zum Schluss den Eischnee mit dem Schneebesen vorsichtig unterheben. Den Teig auf ein Backblech steichen und ca. 25 Minuten backen.<br \/>\nDie Zeit, bis der Kuchen gebacken und zur weitern Bearbeitung abgek\u00fchlte , habe ich mit dem Schreiben meines Artikels \u00fcberbr\u00fcckt. \ud83d\ude42 <\/p>\n<p>\nAls der Boden dann ausgek\u00fchlt war, habe ich die eine H\u00e4lfte mit Birnenmarmelade und die andere H\u00e4lfte mit Himbeermarmelade bestrichen. Dann die, zuvor mit Sahnesteif und Vanillezucker versehene Sahne, steif geschlagen und auf dem Kuchen gleichm\u00e4\u00dfig verteilt. Zum Schluss wurden dann die geriebenen Schockoflocken dar\u00fcber gestreut. Fertig. <\/p>\n<p>\n<img data-recalc-dims=\"1\" decoding=\"async\" src=\"https:\/\/i0.wp.com\/www.antik-natur.de\/bilder\/kuchen%20003-600.jpg?w=810&#038;ssl=1\" alt=\"Fertiger Kuchen\" \/><br \/>Der fertige Adventskuchen<\/p>\n<p>\nNun ist der Kuchen bis zum Nachmittagskaffe kaltgestellt und wird uns dann hoffentlich auch schmecken. \ud83d\ude42 <\/p>\n<p>\nWer nun noch bis zum Nachmittag eine Nuss-Sahne-Schnitte backen m\u00f6chte, kann dies durchaus noch schaffen, denn die Arbeitszeit betr\u00e4gt knapp eine Stunde. \ud83d\ude09<\/p>\n<p>\nIch w\u00fcnsche allen Lesern einen sch\u00f6nen, besinnlichen 1.Advent.<\/p>\n","protected":false},"excerpt":{"rendered":"<p>Nuss-Sahne-SchnitteFotos: Karl-Heinz Garber Heute durfte ich mal, unter Kontrolle und Anleitung, einen Kuchen backen. Das Rezept wurde durch googeln gefunden und hat den Schwierigkeitsgrad: simpel! Dieses &#8222;simpel&#8220; muss auch der Grund daf\u00fcr gewesen sein, dass meine Fr. mir den Auftrag erteilte, unseren Adventskuchen &#8222;herzustellen&#8220;. Nun muss ich sagen, dass ich in meinem Leben noch nicht [&hellip;]<\/p>\n","protected":false},"author":1,"featured_media":0,"comment_status":"open","ping_status":"open","sticky":false,"template":"","format":"standard","meta":{"_monsterinsights_skip_tracking":false,"_monsterinsights_sitenote_active":false,"_monsterinsights_sitenote_note":"","_monsterinsights_sitenote_category":0,"_jetpack_memberships_contains_paid_content":false,"footnotes":""},"categories":[1,27],"tags":[119,878,226,876,877],"class_list":["post-6462","post","type-post","status-publish","format-standard","hentry","category-allgemein","category-landleben","tag-advent","tag-backen","tag-kuchen","tag-nuss-sahne-schnitte","tag-nusse"],"aioseo_notices":[],"jetpack_featured_media_url":"","jetpack-related-posts":[],"jetpack_sharing_enabled":true,"_links":{"self":[{"href":"https:\/\/www.antik-natur.de\/blog\/wp-json\/wp\/v2\/posts\/6462","targetHints":{"allow":["GET"]}}],"collection":[{"href":"https:\/\/www.antik-natur.de\/blog\/wp-json\/wp\/v2\/posts"}],"about":[{"href":"https:\/\/www.antik-natur.de\/blog\/wp-json\/wp\/v2\/types\/post"}],"author":[{"embeddable":true,"href":"https:\/\/www.antik-natur.de\/blog\/wp-json\/wp\/v2\/users\/1"}],"replies":[{"embeddable":true,"href":"https:\/\/www.antik-natur.de\/blog\/wp-json\/wp\/v2\/comments?post=6462"}],"version-history":[{"count":24,"href":"https:\/\/www.antik-natur.de\/blog\/wp-json\/wp\/v2\/posts\/6462\/revisions"}],"predecessor-version":[{"id":7166,"href":"https:\/\/www.antik-natur.de\/blog\/wp-json\/wp\/v2\/posts\/6462\/revisions\/7166"}],"wp:attachment":[{"href":"https:\/\/www.antik-natur.de\/blog\/wp-json\/wp\/v2\/media?parent=6462"}],"wp:term":[{"taxonomy":"category","embeddable":true,"href":"https:\/\/www.antik-natur.de\/blog\/wp-json\/wp\/v2\/categories?post=6462"},{"taxonomy":"post_tag","embeddable":true,"href":"https:\/\/www.antik-natur.de\/blog\/wp-json\/wp\/v2\/tags?post=6462"}],"curies":[{"name":"wp","href":"https:\/\/api.w.org\/{rel}","templated":true}]}}