{"id":9620,"date":"2013-06-20T21:16:08","date_gmt":"2013-06-20T19:16:08","guid":{"rendered":"http:\/\/www.antik-natur.de\/blog\/?p=9620"},"modified":"2013-11-30T21:13:07","modified_gmt":"2013-11-30T19:13:07","slug":"es-war-ein-schoner-gartentag","status":"publish","type":"post","link":"https:\/\/www.antik-natur.de\/blog\/es-war-ein-schoner-gartentag.html","title":{"rendered":"&#8230;es war ein sch\u00f6ner Gartentag."},"content":{"rendered":"<p>Leute, Leute, bei diesem Wetter kommt man doch ganz sch\u00f6n ins Schwitzen. Nicht nur weil wir w\u00e4rmetechnisch Besuch aus der <a href=\"http:\/\/de.wikipedia.org\/wiki\/Sahara\" title=\"Sahara\" target=\"_blank\">Sahara<\/a> haben, sondern weil die Pflanzen gegossen werden m\u00fcssen. Hier zeigt es sich mal wieder, viele Pflanzen im Garten = viel Arbeit, viele Topfpflanzen = noch mehr Arbeit. Aber wer es sch\u00f6n haben will, muss auch einiges daf\u00fcr tun.<br \/>\nGott sei Dank, hat es heute Nacht ein wenig geregnet, so dass das Gie\u00dfen heute entf\u00e4llt und ich mal wieder ein wenig Zeit habe meinen Blog auf dem Laufenden zu halten.<!--more--><\/p>\n<p>Die letzten Tage waren mal wieder besonders stressig. Die Vorbereitungen zum Tag des offenen Gartens mussten abgeschlossen werden &#8211; hierzu z\u00e4hlte in erster Linie die Fertigstellung des Geweges durch das Rondell am Teich &#8211;<br \/>\n<figure id=\"attachment_9621\" aria-describedby=\"caption-attachment-9621\" style=\"width: 600px\" class=\"wp-caption aligncenter\"><a href=\"https:\/\/www.antik-natur.de\/blog\/es-war-ein-schoner-gartentag.html\/anb-teichweg-2-600\" rel=\"attachment wp-att-9621\"><img data-recalc-dims=\"1\" loading=\"lazy\" decoding=\"async\" src=\"https:\/\/i0.wp.com\/www.antik-natur.de\/blog\/wp-content\/2013\/06\/anb-teichweg-2-600.jpg?resize=600%2C400&#038;ssl=1\" alt=\"Teichweg\" width=\"600\" height=\"400\" class=\"size-full wp-image-9621\" srcset=\"https:\/\/i0.wp.com\/www.antik-natur.de\/blog\/wp-content\/2013\/06\/anb-teichweg-2-600.jpg?w=600&amp;ssl=1 600w, https:\/\/i0.wp.com\/www.antik-natur.de\/blog\/wp-content\/2013\/06\/anb-teichweg-2-600.jpg?resize=300%2C200&amp;ssl=1 300w\" sizes=\"auto, (max-width: 600px) 100vw, 600px\" \/><\/a><figcaption id=\"caption-attachment-9621\" class=\"wp-caption-text\">Weg aus alten Fliesen durch das Rondell am Teich<\/figcaption><\/figure> <\/p>\n<p>Blumenbeete hacken, Blumen pflegen und noch einige pflanzen. Das Blumenfenster, das erst sehr sp\u00e4t best\u00fcckt erden konnte, hat sich nun doch in der kurzen Zeit der Sch\u00f6nwetterperiode pr\u00e4chtig herausgemacht. <\/p>\n<figure id=\"attachment_9628\" aria-describedby=\"caption-attachment-9628\" style=\"width: 600px\" class=\"wp-caption aligncenter\"><a href=\"https:\/\/www.antik-natur.de\/blog\/es-war-ein-schoner-gartentag.html\/anb-fensterbeet\" rel=\"attachment wp-att-9628\"><img data-recalc-dims=\"1\" loading=\"lazy\" decoding=\"async\" src=\"https:\/\/i0.wp.com\/www.antik-natur.de\/blog\/wp-content\/2013\/06\/anb-fensterbeet.jpg?resize=600%2C450&#038;ssl=1\" alt=\"Fensterbeet\" width=\"600\" height=\"450\" class=\"size-full wp-image-9628\" srcset=\"https:\/\/i0.wp.com\/www.antik-natur.de\/blog\/wp-content\/2013\/06\/anb-fensterbeet.jpg?w=600&amp;ssl=1 600w, https:\/\/i0.wp.com\/www.antik-natur.de\/blog\/wp-content\/2013\/06\/anb-fensterbeet.jpg?resize=300%2C225&amp;ssl=1 300w\" sizes=\"auto, (max-width: 600px) 100vw, 600px\" \/><\/a><figcaption id=\"caption-attachment-9628\" class=\"wp-caption-text\">Fensterbeet mit Sedum bepflanzt.<\/figcaption><\/figure>\n<p>Auch der Innenhof musste noch am Sonnabend Abend f\u00fcr die vielen G\u00e4ste vorbereitet werden, die Sitzpl\u00e4tze die hier zur Verf\u00fcgung standen, reichten zu den Sto\u00dfzeiten leider mal wieder nicht aus, obwohl wir die Anzahl in diesem Jahr deutlich erh\u00f6ht hatten. <\/p>\n<figure id=\"attachment_9631\" aria-describedby=\"caption-attachment-9631\" style=\"width: 600px\" class=\"wp-caption aligncenter\"><a href=\"https:\/\/www.antik-natur.de\/blog\/es-war-ein-schoner-gartentag.html\/anb-gt-2013-3-600\" rel=\"attachment wp-att-9631\"><img data-recalc-dims=\"1\" loading=\"lazy\" decoding=\"async\" src=\"https:\/\/i0.wp.com\/www.antik-natur.de\/blog\/wp-content\/2013\/06\/anb-gt-2013-3-600.jpg?resize=600%2C400&#038;ssl=1\" alt=\"Innenhof\" width=\"600\" height=\"400\" class=\"size-full wp-image-9631\" srcset=\"https:\/\/i0.wp.com\/www.antik-natur.de\/blog\/wp-content\/2013\/06\/anb-gt-2013-3-600.jpg?w=600&amp;ssl=1 600w, https:\/\/i0.wp.com\/www.antik-natur.de\/blog\/wp-content\/2013\/06\/anb-gt-2013-3-600.jpg?resize=300%2C200&amp;ssl=1 300w\" sizes=\"auto, (max-width: 600px) 100vw, 600px\" \/><\/a><figcaption id=\"caption-attachment-9631\" class=\"wp-caption-text\">Die Sitzpl\u00e4tze im Innenhof &#8211; Rex hat hier die Oberaufsicht \ud83d\ude42<\/figcaption><\/figure>\n<p>Zum Gl\u00fcck sind im Gartengel\u00e4nde und am Schwimmteich weiter Sitzgelegenheiten vorhanden, so dass der Kaffe und Kuchen auch hier genossen werden konnte.<br \/>\n<figure id=\"attachment_9635\" aria-describedby=\"caption-attachment-9635\" style=\"width: 600px\" class=\"wp-caption aligncenter\"><a href=\"https:\/\/www.antik-natur.de\/blog\/es-war-ein-schoner-gartentag.html\/anb-teichbank\" rel=\"attachment wp-att-9635\"><img data-recalc-dims=\"1\" loading=\"lazy\" decoding=\"async\" src=\"https:\/\/i0.wp.com\/www.antik-natur.de\/blog\/wp-content\/2013\/06\/anb-teichbank.jpg?resize=600%2C450&#038;ssl=1\" alt=\"Sitzplatz am Teich\" width=\"600\" height=\"450\" class=\"size-full wp-image-9635\" srcset=\"https:\/\/i0.wp.com\/www.antik-natur.de\/blog\/wp-content\/2013\/06\/anb-teichbank.jpg?w=600&amp;ssl=1 600w, https:\/\/i0.wp.com\/www.antik-natur.de\/blog\/wp-content\/2013\/06\/anb-teichbank.jpg?resize=300%2C225&amp;ssl=1 300w\" sizes=\"auto, (max-width: 600px) 100vw, 600px\" \/><\/a><figcaption id=\"caption-attachment-9635\" class=\"wp-caption-text\">Eine Besucherin auf der Steinbank am Teich &#8211; Sitzpl\u00e4tze waren auch hier vorhanden<\/figcaption><\/figure><\/p>\n<p>Es machten sich viele Besucher auf, um uns zu besuchen. Zeitweise standen die Autos entlang der gesamten Dorfstra\u00dfe. Sicherlich war dieser Besucherandrang nicht nur dem sch\u00f6nen Wetter geschuldet, sondern auch den Gl\u00fccksschweinen, dessen Bild uns freundlicherweise der Maler Holger Wenkel aus Zernien als Ausstellungsst\u00fcck zur Verf\u00fcgung stellte.<\/p>\n<figure id=\"attachment_9642\" aria-describedby=\"caption-attachment-9642\" style=\"width: 600px\" class=\"wp-caption aligncenter\"><a href=\"https:\/\/www.antik-natur.de\/blog\/es-war-ein-schoner-gartentag.html\/anb-schweine\" rel=\"attachment wp-att-9642\"><img data-recalc-dims=\"1\" loading=\"lazy\" decoding=\"async\" src=\"https:\/\/i0.wp.com\/www.antik-natur.de\/blog\/wp-content\/2013\/06\/anb-schweine.jpg?resize=600%2C450&#038;ssl=1\" alt=\"Fensterbild - Schweine\" width=\"600\" height=\"450\" class=\"size-full wp-image-9642\" srcset=\"https:\/\/i0.wp.com\/www.antik-natur.de\/blog\/wp-content\/2013\/06\/anb-schweine.jpg?w=600&amp;ssl=1 600w, https:\/\/i0.wp.com\/www.antik-natur.de\/blog\/wp-content\/2013\/06\/anb-schweine.jpg?resize=300%2C225&amp;ssl=1 300w\" sizes=\"auto, (max-width: 600px) 100vw, 600px\" \/><\/a><figcaption id=\"caption-attachment-9642\" class=\"wp-caption-text\">Fensterbild von H.W. &#8211; Schweine im Stall<\/figcaption><\/figure>\n<p><strong>Fortsetzung folgt!<\/strong><\/p>\n","protected":false},"excerpt":{"rendered":"<p>Leute, Leute, bei diesem Wetter kommt man doch ganz sch\u00f6n ins Schwitzen. Nicht nur weil wir w\u00e4rmetechnisch Besuch aus der Sahara haben, sondern weil die Pflanzen gegossen werden m\u00fcssen. Hier zeigt es sich mal wieder, viele Pflanzen im Garten = viel Arbeit, viele Topfpflanzen = noch mehr Arbeit. Aber wer es sch\u00f6n haben will, muss [&hellip;]<\/p>\n","protected":false},"author":1,"featured_media":9647,"comment_status":"open","ping_status":"open","sticky":false,"template":"","format":"standard","meta":{"_monsterinsights_skip_tracking":false,"_monsterinsights_sitenote_active":false,"_monsterinsights_sitenote_note":"","_monsterinsights_sitenote_category":0,"_jetpack_memberships_contains_paid_content":false,"footnotes":""},"categories":[424,315,27,22],"tags":[1335,165,78,1046,1336],"class_list":["post-9620","post","type-post","status-publish","format-standard","has-post-thumbnail","hentry","category-deko","category-kunst","category-landleben","category-unser-garten","tag-garten","tag-gartendeko","tag-gartengestaltung","tag-gartentag-2013","tag-unser-garten"],"aioseo_notices":[],"jetpack_featured_media_url":"https:\/\/i0.wp.com\/www.antik-natur.de\/blog\/wp-content\/2013\/06\/anb-gt-2013-4-600.jpg?fit=600%2C400&ssl=1","jetpack-related-posts":[],"jetpack_sharing_enabled":true,"_links":{"self":[{"href":"https:\/\/www.antik-natur.de\/blog\/wp-json\/wp\/v2\/posts\/9620","targetHints":{"allow":["GET"]}}],"collection":[{"href":"https:\/\/www.antik-natur.de\/blog\/wp-json\/wp\/v2\/posts"}],"about":[{"href":"https:\/\/www.antik-natur.de\/blog\/wp-json\/wp\/v2\/types\/post"}],"author":[{"embeddable":true,"href":"https:\/\/www.antik-natur.de\/blog\/wp-json\/wp\/v2\/users\/1"}],"replies":[{"embeddable":true,"href":"https:\/\/www.antik-natur.de\/blog\/wp-json\/wp\/v2\/comments?post=9620"}],"version-history":[{"count":29,"href":"https:\/\/www.antik-natur.de\/blog\/wp-json\/wp\/v2\/posts\/9620\/revisions"}],"predecessor-version":[{"id":10889,"href":"https:\/\/www.antik-natur.de\/blog\/wp-json\/wp\/v2\/posts\/9620\/revisions\/10889"}],"wp:featuredmedia":[{"embeddable":true,"href":"https:\/\/www.antik-natur.de\/blog\/wp-json\/wp\/v2\/media\/9647"}],"wp:attachment":[{"href":"https:\/\/www.antik-natur.de\/blog\/wp-json\/wp\/v2\/media?parent=9620"}],"wp:term":[{"taxonomy":"category","embeddable":true,"href":"https:\/\/www.antik-natur.de\/blog\/wp-json\/wp\/v2\/categories?post=9620"},{"taxonomy":"post_tag","embeddable":true,"href":"https:\/\/www.antik-natur.de\/blog\/wp-json\/wp\/v2\/tags?post=9620"}],"curies":[{"name":"wp","href":"https:\/\/api.w.org\/{rel}","templated":true}]}}