{"id":9655,"date":"2013-06-22T22:30:09","date_gmt":"2013-06-22T20:30:09","guid":{"rendered":"http:\/\/www.antik-natur.de\/blog\/?p=9655"},"modified":"2024-10-13T18:51:29","modified_gmt":"2024-10-13T16:51:29","slug":"fortsetzunges-war-ein-schoner-gartentag","status":"publish","type":"post","link":"https:\/\/www.antik-natur.de\/blog\/fortsetzunges-war-ein-schoner-gartentag.html","title":{"rendered":"Fortsetzung\u2026es war ein sch\u00f6ner Gartentag."},"content":{"rendered":"<p>viele alte Gartenm\u00f6bel werden durch uns wieder hergerichtet und im Gartengel\u00e4nde verteilt. Unter anderem auch diese Gartenbank, die bereits mit neuer Farbe versehen wurde.<!--more--><\/p>\n<figure id=\"attachment_9656\" aria-describedby=\"caption-attachment-9656\" style=\"width: 600px\" class=\"wp-caption aligncenter\"><a href=\"https:\/\/www.antik-natur.de\/blog\/fortsetzunges-war-ein-schoner-gartentag.html\/anb-bank-1\" rel=\"attachment wp-att-9656\"><img data-recalc-dims=\"1\" loading=\"lazy\" decoding=\"async\" src=\"https:\/\/i0.wp.com\/www.antik-natur.de\/blog\/wp-content\/2013\/06\/anb-bank-1.jpg?resize=600%2C400&#038;ssl=1\" alt=\"Gartenbank\" width=\"600\" height=\"400\" class=\"size-full wp-image-9656\" srcset=\"https:\/\/i0.wp.com\/www.antik-natur.de\/blog\/wp-content\/2013\/06\/anb-bank-1.jpg?w=600&amp;ssl=1 600w, https:\/\/i0.wp.com\/www.antik-natur.de\/blog\/wp-content\/2013\/06\/anb-bank-1.jpg?resize=300%2C200&amp;ssl=1 300w\" sizes=\"auto, (max-width: 600px) 100vw, 600px\" \/><\/a><figcaption id=\"caption-attachment-9656\" class=\"wp-caption-text\">Alte Gartenbank &#8211; aufgearbeitet<\/figcaption><\/figure>\n<p>Garten(t)r\u00e4ume schaffen, das ist eines unserer Ziele. Dazu geh\u00f6rt auch die Abgrenzung durch gezielt gesetzte Bauelemente, wie zum Beispiel dieser Durchgang, der aus alten Baumaterialen angefertigt wurde.<\/p>\n<figure id=\"attachment_9657\" aria-describedby=\"caption-attachment-9657\" style=\"width: 600px\" class=\"wp-caption aligncenter\"><a href=\"https:\/\/www.antik-natur.de\/blog\/fortsetzunges-war-ein-schoner-gartentag.html\/anb-pfeiler\" rel=\"attachment wp-att-9657\"><img data-recalc-dims=\"1\" loading=\"lazy\" decoding=\"async\" src=\"https:\/\/i0.wp.com\/www.antik-natur.de\/blog\/wp-content\/2013\/06\/anb-pfeiler.jpg?resize=600%2C400&#038;ssl=1\" alt=\"Pfeiler an der Laube\" width=\"600\" height=\"400\" class=\"size-full wp-image-9657\" srcset=\"https:\/\/i0.wp.com\/www.antik-natur.de\/blog\/wp-content\/2013\/06\/anb-pfeiler.jpg?w=600&amp;ssl=1 600w, https:\/\/i0.wp.com\/www.antik-natur.de\/blog\/wp-content\/2013\/06\/anb-pfeiler.jpg?resize=300%2C200&amp;ssl=1 300w\" sizes=\"auto, (max-width: 600px) 100vw, 600px\" \/><\/a><figcaption id=\"caption-attachment-9657\" class=\"wp-caption-text\">Pfeiler aus alten Mauerziegeln und Sandsteinplatten zur Abgrenzung eines Gartenbereiches<\/figcaption><\/figure>\n<p>Der ehemalige Lagerplatz f\u00fcr historische Baustoffe wird in kleinen Schritten in die Gartengestaltung einbezogen. Dort wo einst die Baustoffe lagerten, entstehen immer wieder neue Gartenbeete, die zun\u00e4chst provisorisch bepflanzt, sp\u00e4ter dann gestaltet werden. Die Beetumrandung des Beetes auf dem unteren Bild, besteht aus alten Fliesen, die in die Erde eingelassen wurden.<\/p>\n<figure id=\"attachment_9660\" aria-describedby=\"caption-attachment-9660\" style=\"width: 600px\" class=\"wp-caption aligncenter\"><a href=\"https:\/\/www.antik-natur.de\/blog\/fortsetzunges-war-ein-schoner-gartentag.html\/anb-beet-2\" rel=\"attachment wp-att-9660\"><img data-recalc-dims=\"1\" loading=\"lazy\" decoding=\"async\" src=\"https:\/\/i0.wp.com\/www.antik-natur.de\/blog\/wp-content\/2013\/06\/anb-beet-2.jpg?resize=600%2C400&#038;ssl=1\" alt=\"Blumenbeet\" width=\"600\" height=\"400\" class=\"size-full wp-image-9660\" srcset=\"https:\/\/i0.wp.com\/www.antik-natur.de\/blog\/wp-content\/2013\/06\/anb-beet-2.jpg?w=600&amp;ssl=1 600w, https:\/\/i0.wp.com\/www.antik-natur.de\/blog\/wp-content\/2013\/06\/anb-beet-2.jpg?resize=300%2C200&amp;ssl=1 300w\" sizes=\"auto, (max-width: 600px) 100vw, 600px\" \/><\/a><figcaption id=\"caption-attachment-9660\" class=\"wp-caption-text\">Hier lagerten einmal Baustoffe &#8211; Ein neues Beet ist entstanden<\/figcaption><\/figure>\n<figure id=\"attachment_9662\" aria-describedby=\"caption-attachment-9662\" style=\"width: 300px\" class=\"wp-caption aligncenter\"><a href=\"https:\/\/www.antik-natur.de\/blog\/fortsetzunges-war-ein-schoner-gartentag.html\/lager_08\" rel=\"attachment wp-att-9662\"><img data-recalc-dims=\"1\" loading=\"lazy\" decoding=\"async\" src=\"https:\/\/i0.wp.com\/www.antik-natur.de\/blog\/wp-content\/2013\/06\/lager_08.jpg?resize=300%2C210&#038;ssl=1\" alt=\"Baustofflager\" width=\"300\" height=\"210\" class=\"size-full wp-image-9662\" \/><\/a><figcaption id=\"caption-attachment-9662\" class=\"wp-caption-text\">Nach der Ber\u00e4umung der Baustoffe entstand hier das obige Blumenbeet<\/figcaption><\/figure>\n<figure id=\"attachment_9665\" aria-describedby=\"caption-attachment-9665\" style=\"width: 600px\" class=\"wp-caption aligncenter\"><a href=\"https:\/\/www.antik-natur.de\/blog\/fortsetzunges-war-ein-schoner-gartentag.html\/lager_-003\" rel=\"attachment wp-att-9665\"><img data-recalc-dims=\"1\" loading=\"lazy\" decoding=\"async\" src=\"https:\/\/i0.wp.com\/www.antik-natur.de\/blog\/wp-content\/2013\/06\/lager_-003.jpg?resize=600%2C402&#038;ssl=1\" alt=\"Baustofflager\" width=\"600\" height=\"402\" class=\"size-full wp-image-9665\" srcset=\"https:\/\/i0.wp.com\/www.antik-natur.de\/blog\/wp-content\/2013\/06\/lager_-003.jpg?w=600&amp;ssl=1 600w, https:\/\/i0.wp.com\/www.antik-natur.de\/blog\/wp-content\/2013\/06\/lager_-003.jpg?resize=300%2C201&amp;ssl=1 300w\" sizes=\"auto, (max-width: 600px) 100vw, 600px\" \/><\/a><figcaption id=\"caption-attachment-9665\" class=\"wp-caption-text\">Auch dieser Bereich wurde umgestaltet<\/figcaption><\/figure>\n<figure id=\"attachment_9667\" aria-describedby=\"caption-attachment-9667\" style=\"width: 600px\" class=\"wp-caption aligncenter\"><a href=\"https:\/\/www.antik-natur.de\/blog\/fortsetzunges-war-ein-schoner-gartentag.html\/anb-ziegelkegel\" rel=\"attachment wp-att-9667\"><img data-recalc-dims=\"1\" loading=\"lazy\" decoding=\"async\" src=\"https:\/\/i0.wp.com\/www.antik-natur.de\/blog\/wp-content\/2013\/06\/anb-ziegelkegel.jpg?resize=600%2C400&#038;ssl=1\" alt=\"Ziegelkegel\" width=\"600\" height=\"400\" class=\"size-full wp-image-9667\" srcset=\"https:\/\/i0.wp.com\/www.antik-natur.de\/blog\/wp-content\/2013\/06\/anb-ziegelkegel.jpg?w=600&amp;ssl=1 600w, https:\/\/i0.wp.com\/www.antik-natur.de\/blog\/wp-content\/2013\/06\/anb-ziegelkegel.jpg?resize=300%2C200&amp;ssl=1 300w\" sizes=\"auto, (max-width: 600px) 100vw, 600px\" \/><\/a><figcaption id=\"caption-attachment-9667\" class=\"wp-caption-text\">Das ist der Rest von den hier gelagerten Ziegelsteinen &#8211; (siehe Bild oben)<\/figcaption><\/figure>\n<figure id=\"attachment_9670\" aria-describedby=\"caption-attachment-9670\" style=\"width: 600px\" class=\"wp-caption aligncenter\"><a href=\"https:\/\/www.antik-natur.de\/blog\/fortsetzunges-war-ein-schoner-gartentag.html\/anb-beet-3\" rel=\"attachment wp-att-9670\"><img data-recalc-dims=\"1\" loading=\"lazy\" decoding=\"async\" src=\"https:\/\/i0.wp.com\/www.antik-natur.de\/blog\/wp-content\/2013\/06\/anb-beet-3.jpg?resize=600%2C400&#038;ssl=1\" alt=\"Neue Blumenbeete\" width=\"600\" height=\"400\" class=\"size-full wp-image-9670\" srcset=\"https:\/\/i0.wp.com\/www.antik-natur.de\/blog\/wp-content\/2013\/06\/anb-beet-3.jpg?w=600&amp;ssl=1 600w, https:\/\/i0.wp.com\/www.antik-natur.de\/blog\/wp-content\/2013\/06\/anb-beet-3.jpg?resize=300%2C200&amp;ssl=1 300w\" sizes=\"auto, (max-width: 600px) 100vw, 600px\" \/><\/a><figcaption id=\"caption-attachment-9670\" class=\"wp-caption-text\">Dort, wo einst das Bauholz lagerte, entstanden zwei neue Beete<\/figcaption><\/figure>\n<figure id=\"attachment_9682\" aria-describedby=\"caption-attachment-9682\" style=\"width: 600px\" class=\"wp-caption aligncenter\"><a href=\"https:\/\/www.antik-natur.de\/blog\/fortsetzunges-war-ein-schoner-gartentag.html\/anb-beet-1\" rel=\"attachment wp-att-9682\"><img data-recalc-dims=\"1\" loading=\"lazy\" decoding=\"async\" src=\"https:\/\/i0.wp.com\/www.antik-natur.de\/blog\/wp-content\/2013\/06\/anb-beet-1.jpg?resize=600%2C439&#038;ssl=1\" alt=\"Blumenbeet\" width=\"600\" height=\"439\" class=\"size-full wp-image-9682\" srcset=\"https:\/\/i0.wp.com\/www.antik-natur.de\/blog\/wp-content\/2013\/06\/anb-beet-1.jpg?w=600&amp;ssl=1 600w, https:\/\/i0.wp.com\/www.antik-natur.de\/blog\/wp-content\/2013\/06\/anb-beet-1.jpg?resize=300%2C219&amp;ssl=1 300w\" sizes=\"auto, (max-width: 600px) 100vw, 600px\" \/><\/a><figcaption id=\"caption-attachment-9682\" class=\"wp-caption-text\">Es gibt auch wilde Blumenbeete zu sehen<\/figcaption><\/figure>\n<figure id=\"attachment_9684\" aria-describedby=\"caption-attachment-9684\" style=\"width: 600px\" class=\"wp-caption aligncenter\"><a href=\"https:\/\/www.antik-natur.de\/blog\/fortsetzunges-war-ein-schoner-gartentag.html\/anb-teich-links-1\" rel=\"attachment wp-att-9684\"><img data-recalc-dims=\"1\" loading=\"lazy\" decoding=\"async\" src=\"https:\/\/i0.wp.com\/www.antik-natur.de\/blog\/wp-content\/2013\/06\/anb-teich-links-1.jpg?resize=600%2C555&#038;ssl=1\" alt=\"Teichrand\" width=\"600\" height=\"555\" class=\"size-full wp-image-9684\" srcset=\"https:\/\/i0.wp.com\/www.antik-natur.de\/blog\/wp-content\/2013\/06\/anb-teich-links-1.jpg?w=600&amp;ssl=1 600w, https:\/\/i0.wp.com\/www.antik-natur.de\/blog\/wp-content\/2013\/06\/anb-teich-links-1.jpg?resize=300%2C277&amp;ssl=1 300w\" sizes=\"auto, (max-width: 600px) 100vw, 600px\" \/><\/a><figcaption id=\"caption-attachment-9684\" class=\"wp-caption-text\">Bepflanzung des linken Teichrandes im 2ten Jahr<\/figcaption><\/figure>\n<figure id=\"attachment_9692\" aria-describedby=\"caption-attachment-9692\" style=\"width: 600px\" class=\"wp-caption aligncenter\"><a href=\"https:\/\/www.antik-natur.de\/blog\/fortsetzunges-war-ein-schoner-gartentag.html\/anb-korb\" rel=\"attachment wp-att-9692\"><img data-recalc-dims=\"1\" loading=\"lazy\" decoding=\"async\" src=\"https:\/\/i0.wp.com\/www.antik-natur.de\/blog\/wp-content\/2013\/06\/anb-korb.jpg?resize=600%2C400&#038;ssl=1\" alt=\"Kartoffeljkorb\" width=\"600\" height=\"400\" class=\"size-full wp-image-9692\" srcset=\"https:\/\/i0.wp.com\/www.antik-natur.de\/blog\/wp-content\/2013\/06\/anb-korb.jpg?w=600&amp;ssl=1 600w, https:\/\/i0.wp.com\/www.antik-natur.de\/blog\/wp-content\/2013\/06\/anb-korb.jpg?resize=300%2C200&amp;ssl=1 300w\" sizes=\"auto, (max-width: 600px) 100vw, 600px\" \/><\/a><figcaption id=\"caption-attachment-9692\" class=\"wp-caption-text\">DIY Kartoffelkorb als Gartendeko<\/figcaption><\/figure>\n<figure id=\"attachment_9693\" aria-describedby=\"caption-attachment-9693\" style=\"width: 600px\" class=\"wp-caption aligncenter\"><a href=\"https:\/\/www.antik-natur.de\/blog\/fortsetzunges-war-ein-schoner-gartentag.html\/anb-kiste\" rel=\"attachment wp-att-9693\"><img data-recalc-dims=\"1\" loading=\"lazy\" decoding=\"async\" src=\"https:\/\/i0.wp.com\/www.antik-natur.de\/blog\/wp-content\/2013\/06\/anb-kiste.jpg?resize=600%2C400&#038;ssl=1\" alt=\"Werkzeugkasten\" width=\"600\" height=\"400\" class=\"size-full wp-image-9693\" srcset=\"https:\/\/i0.wp.com\/www.antik-natur.de\/blog\/wp-content\/2013\/06\/anb-kiste.jpg?w=600&amp;ssl=1 600w, https:\/\/i0.wp.com\/www.antik-natur.de\/blog\/wp-content\/2013\/06\/anb-kiste.jpg?resize=300%2C200&amp;ssl=1 300w\" sizes=\"auto, (max-width: 600px) 100vw, 600px\" \/><\/a><figcaption id=\"caption-attachment-9693\" class=\"wp-caption-text\">DIY Werkzeugkasten f\u00fcr Gartenger\u00e4te<\/figcaption><\/figure>\n<figure id=\"attachment_9696\" aria-describedby=\"caption-attachment-9696\" style=\"width: 600px\" class=\"wp-caption aligncenter\"><a href=\"https:\/\/www.antik-natur.de\/blog\/fortsetzunges-war-ein-schoner-gartentag.html\/anb-carport-rueckseite\" rel=\"attachment wp-att-9696\"><img data-recalc-dims=\"1\" loading=\"lazy\" decoding=\"async\" src=\"https:\/\/i0.wp.com\/www.antik-natur.de\/blog\/wp-content\/2013\/06\/anb-carport-rueckseite.jpg?resize=600%2C400&#038;ssl=1\" alt=\"Carport-R\u00fcckwand\" width=\"600\" height=\"400\" class=\"size-full wp-image-9696\" srcset=\"https:\/\/i0.wp.com\/www.antik-natur.de\/blog\/wp-content\/2013\/06\/anb-carport-rueckseite.jpg?w=600&amp;ssl=1 600w, https:\/\/i0.wp.com\/www.antik-natur.de\/blog\/wp-content\/2013\/06\/anb-carport-rueckseite.jpg?resize=300%2C200&amp;ssl=1 300w\" sizes=\"auto, (max-width: 600px) 100vw, 600px\" \/><\/a><figcaption id=\"caption-attachment-9696\" class=\"wp-caption-text\">Der Platz zwischen Gartenhaus und Carport. Hier wurde in diesem Jahr die R\u00fcckwand verkleidet<\/figcaption><\/figure>\n<p>mehr Bilder unter Gartentag 2013<\/p>\n","protected":false},"excerpt":{"rendered":"<p>viele alte Gartenm\u00f6bel werden durch uns wieder hergerichtet und im Gartengel\u00e4nde verteilt. Unter anderem auch diese Gartenbank, die bereits mit neuer Farbe versehen wurde.<\/p>\n","protected":false},"author":1,"featured_media":9647,"comment_status":"open","ping_status":"open","sticky":false,"template":"","format":"standard","meta":{"_monsterinsights_skip_tracking":false,"_monsterinsights_sitenote_active":false,"_monsterinsights_sitenote_note":"","_monsterinsights_sitenote_category":0,"_jetpack_memberships_contains_paid_content":false,"footnotes":""},"categories":[424,315,27,22],"tags":[1335,165,78],"class_list":["post-9655","post","type-post","status-publish","format-standard","has-post-thumbnail","hentry","category-deko","category-kunst","category-landleben","category-unser-garten","tag-garten","tag-gartendeko","tag-gartengestaltung"],"aioseo_notices":[],"jetpack_featured_media_url":"https:\/\/i0.wp.com\/www.antik-natur.de\/blog\/wp-content\/2013\/06\/anb-gt-2013-4-600.jpg?fit=600%2C400&ssl=1","jetpack-related-posts":[],"jetpack_sharing_enabled":true,"_links":{"self":[{"href":"https:\/\/www.antik-natur.de\/blog\/wp-json\/wp\/v2\/posts\/9655","targetHints":{"allow":["GET"]}}],"collection":[{"href":"https:\/\/www.antik-natur.de\/blog\/wp-json\/wp\/v2\/posts"}],"about":[{"href":"https:\/\/www.antik-natur.de\/blog\/wp-json\/wp\/v2\/types\/post"}],"author":[{"embeddable":true,"href":"https:\/\/www.antik-natur.de\/blog\/wp-json\/wp\/v2\/users\/1"}],"replies":[{"embeddable":true,"href":"https:\/\/www.antik-natur.de\/blog\/wp-json\/wp\/v2\/comments?post=9655"}],"version-history":[{"count":48,"href":"https:\/\/www.antik-natur.de\/blog\/wp-json\/wp\/v2\/posts\/9655\/revisions"}],"predecessor-version":[{"id":23017,"href":"https:\/\/www.antik-natur.de\/blog\/wp-json\/wp\/v2\/posts\/9655\/revisions\/23017"}],"wp:featuredmedia":[{"embeddable":true,"href":"https:\/\/www.antik-natur.de\/blog\/wp-json\/wp\/v2\/media\/9647"}],"wp:attachment":[{"href":"https:\/\/www.antik-natur.de\/blog\/wp-json\/wp\/v2\/media?parent=9655"}],"wp:term":[{"taxonomy":"category","embeddable":true,"href":"https:\/\/www.antik-natur.de\/blog\/wp-json\/wp\/v2\/categories?post=9655"},{"taxonomy":"post_tag","embeddable":true,"href":"https:\/\/www.antik-natur.de\/blog\/wp-json\/wp\/v2\/tags?post=9655"}],"curies":[{"name":"wp","href":"https:\/\/api.w.org\/{rel}","templated":true}]}}